{"id":1006,"date":"2020-06-02T13:09:13","date_gmt":"2020-06-02T13:09:13","guid":{"rendered":"http:\/\/rashitzylfiu.com\/?p=1006"},"modified":"2020-06-02T15:10:10","modified_gmt":"2020-06-02T15:10:10","slug":"virusi-corona-keshilla-dhe-mesime-1","status":"publish","type":"post","link":"https:\/\/rashitzylfiu.com\/index.php\/2020\/06\/02\/virusi-corona-keshilla-dhe-mesime-1\/","title":{"rendered":"VIRUSI CORONA K\u00cbSHILLA DHE M\u00cbSIME #1"},"content":{"rendered":"<p><span style=\"font-weight: 400;\">Fal\u00ebnderimi i takon Allahut, q\u00eb vepron dhe gjykon \u00e7far\u00eb t\u00eb doj\u00eb. D\u00ebshmojm\u00eb dhe deklarojm\u00eb se nuk ka t\u00eb adhuruar tjet\u00ebr me t\u00eb drejt\u00eb pos Allahut dhe d\u00ebshmojm\u00eb dhe deklarojm\u00eb se Pejgamberi Muhamed \u00ebsht\u00eb rob dhe i D\u00ebrguar i Tij. Ai ishte thirr\u00ebs n\u00eb adhurimin vet\u00ebm t\u00eb Zotit, paqja dhe begatit\u00eb e Zotit qofshin mbi t\u00eb, mbi familjen dhe mbi shok\u00ebt e tij deri n\u00eb Dit\u00ebn e Gjykimit.\u00a0<\/span><\/p>\n<p><span style=\"font-weight: 400;\">Metodologjia kur\u2019anore dhe udh\u00ebzimi profetik udh\u00ebzojn\u00eb p\u00ebr edukim p\u00ebrmes ndodhive e ngjarjeve dhe p\u00ebrfitim prej k\u00ebtyre rasteve p\u00ebr ngritjen e ambicieve dhe mbjelljen e vlerave, p\u00ebr korrigjim t\u00eb kuptimeve dhe ngulitje t\u00eb imanit, p\u00ebr marrje t\u00eb k\u00ebshillave dhe m\u00ebsimeve dhe p\u00ebrdorim t\u00eb tyre p\u00ebr orientimin dhe rregullimin e gjendjes s\u00eb njer\u00ebzve, p\u00ebr lidhje t\u00eb vetvetes me vepr\u00ebn e jo me rezultatet dhe p\u00ebr preokupim me zgjidhjen dhe frytet e jo me shkaqet dhe problemet.\u00a0<\/span><\/p>\n<p><span style=\"font-weight: 400;\">Virusi Corona (s\u00ebmundja Covid-19) \u00ebsht\u00eb nj\u00eb virus q\u00eb k\u00ebto dit\u00eb \u00ebsht\u00eb p\u00ebrhapur jasht\u00eb mase mes njer\u00ebzve. Ky virus, i cili nuk shihet me sy, ka b\u00ebr\u00eb ndryshime drastike n\u00eb jet\u00ebn e njer\u00ebzve dhe ka shkaktuar panik dhe frik\u00eb, madje p\u00ebr shkak t\u00eb tij jan\u00eb zbatuar vendime dhe procedura t\u00eb rrepta, si mbyllja e shkollave, e universiteteve, e aeroporteve dhe e vendeve t\u00eb grumbullimit t\u00eb njer\u00ebzve, jan\u00eb mbyllur madje edhe xhamit\u00eb dhe faltoret. Sfidat po vazhdojn\u00eb ende, nd\u00ebrkoh\u00eb q\u00eb shifrat dhe lajmet po e mbajn\u00eb gjall\u00eb k\u00ebt\u00eb kriz\u00eb.\u00a0<\/span><\/p>\n<p><span style=\"font-weight: 400;\">Virusi Corona \u00ebsht\u00eb shnd\u00ebrruar n\u00eb bised\u00eb ditore kudo, n\u00eb programe televizive dhe rrjete sociale. Por, dy pyetje tejet t\u00eb r\u00ebnd\u00ebsishme parashtrohen: A mjafton q\u00eb ne t\u00eb jemi vet\u00ebm bart\u00ebs lajmesh dhe analizash? A ka gj\u00ebra m\u00eb t\u00eb r\u00ebnd\u00ebsishme dhe m\u00eb madh\u00ebshtore nga t\u00eb cilat duhet t\u00eb marrim m\u00ebsime, k\u00ebshilla e urt\u00ebsi?<\/span><\/p>\n<p><span style=\"font-weight: 400;\">Nuk ka dyshim se n\u00eb krijesat e Zotit, n\u00eb ndryshimin e ndodhive dhe ngjarjeve ka k\u00ebshilla p\u00ebr ata q\u00eb d\u00ebshirojn\u00eb t\u2019i marrin ato, ka nxitje p\u00ebr p\u00ebrkujtim dhe vigjilenc\u00eb.<\/span><\/p>\n<p><span style=\"font-weight: 400;\">Allahu i Madh\u00ebruar thot\u00eb:<\/span><\/p>\n<p><b>\ufd3f\u0625\u0650\u0646\u0651\u064e \u0641\u0650\u064a \u0630\u064e\u0670\u0644\u0650\u0643\u064e \u0644\u064e\u0639\u0650\u0628\u0652\u0631\u064e\u0629\u064b \u0644\u0650\u0651\u0623\u064f\u0648\u0644\u0650\u064a \u0627\u0644\u0652\u0623\u064e\u0628\u0652\u0635\u064e\u0627\u0631\u0650\ufd3e<\/b><\/p>\n<p><b>\u201cDhe n\u00eb k\u00ebt\u00eb, me t\u00eb v\u00ebrtet\u00eb, ka m\u00ebsim p\u00ebr ata q\u00eb shohin.\u201d [<\/b><span style=\"font-weight: 400;\">Nur: 44]<\/span><\/p>\n<p><span style=\"font-weight: 400;\">Besimtari duhet t\u2019i shikoj\u00eb ngjarjet me precizitet, thell\u00ebsi dhe k\u00ebshill\u00eb. Marrja e m\u00ebsimeve dhe k\u00ebshillave \u00ebsht\u00eb prej suneteve t\u00eb braktisura dhe n\u00eb t\u00eb nj\u00ebjt\u00ebn koh\u00eb \u00ebsht\u00eb adhurim madhor.<\/span><\/p>\n<p><span style=\"font-weight: 400;\">Ebu Derdaja thot\u00eb: \u201c<\/span><i><span style=\"font-weight: 400;\">T\u00eb meditosh nj\u00eb or\u00eb \u00ebsht\u00eb m\u00eb e mir\u00eb sesa t\u00eb falesh nat\u00ebn<\/span><\/i><span style=\"font-weight: 400;\">.\u201d<\/span><\/p>\n<p><span style=\"font-weight: 400;\">Para se t\u00eb fundoset dhe t\u00eb preokupohet me lajme, shkaqe, shifra dhe preventivave materiale p\u00ebr k\u00ebt\u00eb s\u00ebmundje dhe t\u00eb tjera, muslimani duhet t\u00eb marr\u00eb m\u00ebsime dhe k\u00ebshilla prej ndodhive dhe sprovave.<\/span><\/p>\n<p>&nbsp;<\/p>\n<p><span style=\"font-weight: 400;\">Ejmen Shaban<\/span><\/p>\n<p><span style=\"font-weight: 400;\">20 Rexhep, 1441h<\/span><\/p>\n<p><span style=\"font-weight: 400;\">15 Mars, 2020\u00a0<\/span><\/p>\n<p>&nbsp;<\/p>\n<p>&nbsp;<\/p>\n<p><strong>Fjala e p\u00ebrkthyesit Rashit Zylfiu<\/strong><\/p>\n<p><span style=\"font-weight: 400;\">Fal\u00ebnderimet i takojn\u00eb t\u00eb madhit Zot, q\u00eb me dhuntit\u00eb e Tij plot\u00ebsohen pun\u00ebt e mira. Paqja dhe bekimet e Zotit qofshin mbi Pejgamberin Muhamed, mbi familjen e tij, mbi shok\u00ebt dhe t\u00eb gjith\u00eb pasuesit e tij deri n\u00eb kiamet.<\/span><\/p>\n<p><span style=\"font-weight: 400;\">Jo rast\u00ebsisht \u00ebsht\u00eb th\u00ebn\u00eb se koh\u00ebt e v\u00ebshtira nxjerrin n\u00eb pah margaritar\u00eb, q\u00eb shpesh as n\u00ebp\u00ebr mend nuk na ka shkuar p\u00ebr to. Ky lib\u00ebr do t\u00eb mbetet nd\u00ebr kujtimet e mira p\u00ebr mua dhe p\u00ebr t\u00eb gjith\u00eb lexuesit nga dit\u00ebt e karantin\u00ebs 2020, p\u00ebr shkak t\u00eb virusit Corona (s\u00ebmundja Covid-19), q\u00eb na izoloi.<\/span><\/p>\n<p><span style=\"font-weight: 400;\">N\u00eb dit\u00ebt e para t\u00eb izolimit hasa n\u00eb k\u00ebt\u00eb lib\u00ebr \u201cVirusi Corona, k\u00ebshilla dhe m\u00ebsime\u201d t\u00eb autorit Ejmen Shaban. N\u00eb momentin q\u00eb fillova ta shfletoja, u ngjall edhe d\u00ebshira q\u00eb k\u00ebt\u00eb lib\u00ebr p\u00ebr shkak t\u00eb situat\u00ebs ta sillja edhe n\u00eb gjuh\u00ebn shqipe.\u00a0<\/span><\/p>\n<p><span style=\"font-weight: 400;\">Lexues t\u00eb nderuar!<\/span><\/p>\n<p><span style=\"font-weight: 400;\">Ky \u00ebsht\u00eb nj\u00eb lib\u00ebr tejet aktual p\u00ebr shkak se lidhet me nj\u00ebr\u00ebn nga ngjarjet e koh\u00ebs, q\u00eb na ka p\u00ebrfshir\u00eb t\u00eb t\u00ebr\u00eb dhe n\u00eb t\u00eb nj\u00ebjt\u00ebn koh\u00eb \u00ebsht\u00eb m\u00eb shum\u00eb se nj\u00eb lib\u00ebr sepse \u00ebsht\u00eb udh\u00ebrr\u00ebfyes p\u00ebr besimtar\u00ebt, se si t\u00eb gjenden dhe t\u2019i tejkalojn\u00eb k\u00ebto sfida me k\u00ebshillat dhe m\u00ebsimet q\u00eb autori ka shkruar.\u00a0<\/span><\/p>\n<p><span style=\"font-weight: 400;\">Libri fillon me hyrjen, ku autori tregon motivet dhe arsyet pse filloi ta shkruante k\u00ebt\u00eb lib\u00ebr, pastaj menj\u00ebher\u00eb jep nj\u00ebzet k\u00ebshilla dhe m\u00ebsime tejet praktike, t\u00eb cilat fillojn\u00eb me nj\u00eb ajet kur\u2019anor dhe m\u00eb pas argumentohen me fjal\u00ebt e Pejgamberit <\/span><span style=\"font-weight: 400;\">\uf075<\/span><span style=\"font-weight: 400;\"> dhe t\u00eb dijetar\u00ebve t\u00eb hersh\u00ebm e t\u00eb atyre bashk\u00ebkohor\u00eb.<\/span><\/p>\n<p><span style=\"font-weight: 400;\">P\u00ebr t\u2019ia leht\u00ebsuar lexuesit dhe p\u00ebr ta kuptuar m\u00eb leht\u00eb k\u00ebshill\u00ebn, un\u00eb si p\u00ebrkthyes i kam vendosur nj\u00eb titull \u00e7do k\u00ebshille.<\/span><\/p>\n<p><span style=\"font-weight: 400;\">M\u00eb pas autori kalon te pjesa e dyt\u00eb, \u201cMburojat parandaluese sheriatike prej s\u00ebmundjeve abstrakte dhe konkrete\u201d, mburoja t\u00eb cilat besimtar\u00ebve ua ka garantuar feja islame dhe autori i sjell me argumente nga Kur\u2019ani dhe\u00a0 Suneti.\u00a0<\/span><\/p>\n<p><span style=\"font-weight: 400;\">Autori e mbyll librin me \u201cUdh\u00ebrr\u00ebfyesin\u201d p\u00ebrmbledh\u00ebs, i cili na ndihmon t\u00eb kuptojm\u00eb pozicionin ton\u00eb kur na prekin s\u00ebmundjet dhe si t\u00eb jemi sa m\u00eb produktiv\u00eb, q\u00eb t\u00eb dim\u00eb si t\u00eb p\u00ebrfitojm\u00eb nga k\u00ebto ndodhi e t\u00eb mos b\u00ebhemi barr\u00eb m\u00eb e madhe sesa vet\u00eb s\u00ebmundja apo sprova.<\/span><\/p>\n<p>&nbsp;<\/p>\n<p><span style=\"font-weight: 400;\">Lexues t\u00eb nderuar!<\/span><\/p>\n<p><span style=\"font-weight: 400;\">Sikur ta takoja autorin nj\u00eb dit\u00eb, n\u00eb em\u00ebr timin dhe tuajin do e fal\u00ebnderoja nga zemra. Lus Zotin ta shp\u00ebrblej\u00eb p\u00ebr k\u00ebt\u00eb kontribut. Ndoshta nj\u00eb dit\u00eb takohemi, i thyejm\u00eb kufijt\u00eb e distanc\u00ebs dhe bisedojm\u00eb p\u00ebr kujtimet e librit \u201cVirusi Corona, k\u00ebshilla dhe m\u00ebsime\u201d.<\/span><\/p>\n<p><span style=\"font-weight: 400;\">Rashit ZYLFIU<\/span><\/p>\n<p><span style=\"font-weight: 400;\">20.04.2020<\/span><\/p>\n<p><span style=\"font-weight: 400;\">Nga karantina, 2020, Gjilan\u00a0<\/span><\/p>\n<p>&nbsp;<\/p>\n<p><span style=\"font-weight: 400;\">Autor: Ejmen Shaban, solli p\u00ebr ju n\u00eb gjuh\u00ebn shqipe Rashit ZYLFIU<\/span><\/p>\n<span>Fjal\u00eb ky\u00e7e - seria Virusi corona k\u00ebshilla dhe m\u00ebsime<\/span>\n","protected":false},"excerpt":{"rendered":"<p>Fal\u00ebnderimi i takon Allahut, q\u00eb vepron dhe gjykon \u00e7far\u00eb t\u00eb doj\u00eb. D\u00ebshmojm\u00eb dhe deklarojm\u00eb se nuk ka t\u00eb adhuruar tjet\u00ebr me t\u00eb drejt\u00eb pos Allahut dhe d\u00ebshmojm\u00eb dhe deklarojm\u00eb se Pejgamberi Muhamed \u00ebsht\u00eb rob dhe i D\u00ebrguar i Tij. Ai ishte thirr\u00ebs n\u00eb adhurimin vet\u00ebm t\u00eb Zotit, paqja dhe begatit\u00eb e Zotit qofshin mbi t\u00eb, [&hellip;]<\/p>\n","protected":false},"author":1,"featured_media":1007,"comment_status":"open","ping_status":"open","sticky":false,"template":"","format":"standard","meta":{"footnotes":""},"categories":[2,24],"tags":[47],"class_list":{"0":"post-1006","1":"post","2":"type-post","3":"status-publish","4":"format-standard","5":"has-post-thumbnail","7":"category-e-zgjedhur","8":"category-perkthime","9":"tag-virusi-corona-keshilla-dhe-mesime"},"_links":{"self":[{"href":"https:\/\/rashitzylfiu.com\/index.php\/wp-json\/wp\/v2\/posts\/1006","targetHints":{"allow":["GET"]}}],"collection":[{"href":"https:\/\/rashitzylfiu.com\/index.php\/wp-json\/wp\/v2\/posts"}],"about":[{"href":"https:\/\/rashitzylfiu.com\/index.php\/wp-json\/wp\/v2\/types\/post"}],"author":[{"embeddable":true,"href":"https:\/\/rashitzylfiu.com\/index.php\/wp-json\/wp\/v2\/users\/1"}],"replies":[{"embeddable":true,"href":"https:\/\/rashitzylfiu.com\/index.php\/wp-json\/wp\/v2\/comments?post=1006"}],"version-history":[{"count":3,"href":"https:\/\/rashitzylfiu.com\/index.php\/wp-json\/wp\/v2\/posts\/1006\/revisions"}],"predecessor-version":[{"id":1036,"href":"https:\/\/rashitzylfiu.com\/index.php\/wp-json\/wp\/v2\/posts\/1006\/revisions\/1036"}],"wp:featuredmedia":[{"embeddable":true,"href":"https:\/\/rashitzylfiu.com\/index.php\/wp-json\/wp\/v2\/media\/1007"}],"wp:attachment":[{"href":"https:\/\/rashitzylfiu.com\/index.php\/wp-json\/wp\/v2\/media?parent=1006"}],"wp:term":[{"taxonomy":"category","embeddable":true,"href":"https:\/\/rashitzylfiu.com\/index.php\/wp-json\/wp\/v2\/categories?post=1006"},{"taxonomy":"post_tag","embeddable":true,"href":"https:\/\/rashitzylfiu.com\/index.php\/wp-json\/wp\/v2\/tags?post=1006"}],"curies":[{"name":"wp","href":"https:\/\/api.w.org\/{rel}","templated":true}]}}