{"id":335,"date":"2018-03-26T11:05:40","date_gmt":"2018-03-26T11:05:40","guid":{"rendered":"http:\/\/rashitzylfiu.com\/?p=335"},"modified":"2018-03-26T11:05:40","modified_gmt":"2018-03-26T11:05:40","slug":"5-mjedisi-dhe-mbrojtja-e-tij-ne-veshtrimin-islam","status":"publish","type":"post","link":"https:\/\/rashitzylfiu.com\/index.php\/2018\/03\/26\/5-mjedisi-dhe-mbrojtja-e-tij-ne-veshtrimin-islam\/","title":{"rendered":"5. Mjedisi dhe mbrojtja e tij n\u00eb v\u00ebshtrimin islam"},"content":{"rendered":"<p>Mjedisi dhe mbrojtja e tij n\u00eb v\u00ebshtrimin islam<\/p>\n<p>Subjekti: Mjedisi dhe mbrojtja e tij n\u00eb v\u00ebshtrimin islam<\/p>\n<p>Burimi : Akademia Nd\u00ebrkomb\u00ebtare e Fikhut Islam<\/p>\n<p>Vendimi : nr.185(11\/19)<\/p>\n<p>P\u00ebrzgjodhi dhe p\u00ebrshtati :<strong>Rashit Zylfiu<\/strong><\/p>\n<p>Asambleja e Akademis\u00eb Nd\u00ebrkomb\u00ebtare t\u00eb Fikut Islam e dal nga Organizata\u00a0 Konferenc\u00ebs Islamike ,\u00a0 mbledhur n\u00eb sesionin e n\u00ebntmbdhjet\u00eb t\u00eb saj n\u00eb Emiratet e Sharikas (Emiratet e Bashkuara Arabe) n\u00eb datat 1-5 Xhumadel Ula 1430h. 26-30 Prill 2009 e.s pasi morri n\u00eb shqyrtim studimet e paraqitura pran\u00eb Akademis\u00eb rreth problematik\u00ebs q\u00eb ka t\u00eb b\u00ebj\u00eb me mjedisin dh mbrojtjen e tij n\u00eb k\u00ebndv\u00ebshtrimin Islam dhe pasi d\u00ebgjoi diskutimet q\u00eb u zhvilluan rreth tij vendosi si m\u00eb posht\u00eb :<\/p>\n<ol>\n<li>Hedhja e mbeturinave t\u00eb d\u00ebmshme, n\u00eb \u00e7do cep t\u00eb bot\u00ebs, \u00ebsht\u00eb ndaluar haram. Shtetet prodhues t\u00eb k\u00ebtyre mbeturinave jan\u00eb t\u00eb detyruar t\u2019i p\u00ebrpunojn\u00eb ato n\u00eb vendet e tyre pa d\u00ebmtuar mjedisin. Shtet islam nuk duhet t\u00eb pranojn\u00eb q\u00eb vendet e tyre t\u00eb kthehen n\u00eb vend ku groposen k\u00ebto mbeturina.<\/li>\n<li>T\u00eb gjitha veprimet dhe aktivitetet t\u00eb cilat \u00e7ojn\u00eb n\u00eb d\u00ebmin e mjedisit jan\u00eb t\u00eb ndaluara (haram), si p\u00ebr shembull ato q\u00eb prishin ekuilibrin mjedisor, apo shfryt\u00ebzojn\u00eb burimet natyrore pa kriter duke mos u kujdesur p\u00ebr t\u00eb ardhmen e tij . N\u00eb k\u00ebt\u00eb rast duhet t\u00eb veprohet sipas rregullit t\u00eb Sheriatit q\u00eb thot\u00eb se d\u00ebmi duhet t\u00eb zhd\u00ebmtohet.<\/li>\n<\/ol>\n<p>&nbsp;<\/p>\n<p><strong>Asambleja gjithashtu sugjeron : <\/strong><\/p>\n<ol>\n<li>T\u00eb inkurajohet hapja e vak\u00ebf\u00ebve n\u00eb sh\u00ebrbim t\u00eb mbrojtjes s\u00eb mjedisit , p\u00ebr t\u00eb gjith\u00eb p\u00ebrb\u00ebr\u00ebsit e saj: tok\u00ebsor, ujor dhe hap\u00ebsinor\u00eb.<\/li>\n<li>T\u00eb ngrihet nj\u00eb komision studimor islam p\u00ebr \u00e7\u00ebshtjet e mjedisit pran\u00eb Akademis\u00eb Nd\u00ebrkomb\u00ebtare t\u00eb Fikut Islam , q\u00eb do t\u00eb ket\u00eb si synim observimin e t\u00eb gjitha studimeve dhe marr\u00ebveshjeve q\u00eb merren me problematik\u00ebn e mjedisit.<\/li>\n<li>T\u00eb bashk\u00ebpunohet me komunitetin nd\u00ebrkomb\u00ebtar me gjitha format q\u00eb mbrojn\u00eb mjedisin dh ndalojn\u00eb ndotjen e tij, m kusht q\u00eb ky bashk\u00ebpunim t\u00eb mos bjer\u00eb ndesh me dispozitat e Sheriatit islam apo t\u00eb bart d\u00ebme p\u00ebr vendet islame .<\/li>\n<li>T\u00eb inkurajohen shtetet islame t\u00eb aktivizojn\u00eb organizatat mjedisore t\u00eb krijuara nga Organizata e Konferenc\u00ebs Islamike , si dhe t\u00eb bashk\u00ebpunohet me organizatat mjedisore t\u00eb K\u00ebshillit t\u00eb Bashk\u00ebpunimit Arab dhe t\u00eb K\u00ebshillit t\u00eb Bashk\u00ebpunimit t\u00eb Vendeve t\u00eb Gjirit.<\/li>\n<li>T\u00eb shtohet dhe nxitet me \u00e7do mjet t\u00eb mundsh\u00ebm prodhimi i produkteve \u201c miq t\u00eb mjedisit\u201d.<\/li>\n<li>T\u00eb nxiten shtetet an\u00ebtare t\u00eb Organizat\u00ebs s\u00eb Konferenc\u00ebs Islamike q\u00eb n\u00eb vazhdim\u00ebsi t\u00eb nxjerrin ligje dhe rregulla q\u00eb mbrojn\u00eb mjedisin dhe ndalojn\u00eb ndotjen e tij. \u00cbsht\u00eb e nevojshme q\u00eb k\u00ebto ligje t\u00eb shoq\u00ebrohen me masa nd\u00ebshkimore p\u00ebr t\u00eb gjith\u00eb ata q\u00eb i shkaktojn\u00eb d\u00ebme mjedisit si dhe t\u00eb shtohet forca mbik\u00ebqyr\u00ebse e instuticioneve q\u00eb mbajn\u00eb mjedisin, p\u00ebr t\u00eb parandaluar t\u00eb gjitha aktivitet dhe veprimet t\u00eb cilat d\u00ebmtojn\u00eb element\u00ebt e mjedisit; ujin, ajrin dhe dheun .<\/li>\n<li>T\u2019u k\u00ebrkohet institucioneve q\u00eb merren me \u00e7\u00ebshtje fetar n\u00eb shtetet islame, q\u00eb t\u00eb informojn\u00eb imam\u00ebt dhe predikuesit islam m t\u00eb dh\u00ebna q\u00eb kan\u00eb t\u00eb b\u00ebjn\u00eb me mjedisin , si dhe p\u00ebrhapin studime q\u00eb merren me k\u00ebt\u00eb \u00e7\u00ebshtje si dhe mjetet e mbrojtjes s\u00eb mjedisit .<\/li>\n<li>T\u00eb p\u00ebrhapet kultura e p\u00ebrgjegj\u00ebsis\u00eb p\u00ebr mbrojtjen e mjedisit dhe rrezikut q\u00eb kanoset nga d\u00ebmi i saj, me t\u00eb gjitha mjetet q\u00eb p\u00ebrmbushin k\u00ebt\u00eb synim :<\/li>\n<li>T\u00eb ket\u00eb transmetim t\u00eb rregullt t\u00eb informacionit q\u00eb flet p\u00ebr rrezikun mjedisor, n\u00eb mjetet e informimit publik.<\/li>\n<li>T\u00eb ket\u00eb edukim t\u00eb vazhduesh\u00ebm p\u00ebr k\u00ebt\u00eb \u00e7\u00ebshtje si brenda sht\u00ebpis\u00eb ashtu edhe n\u00eb programet arsimoren t\u00eb gjitha nivelet e saj.<\/li>\n<li>T\u2019i kushtohet r\u00ebnd\u00ebsi Fikut mjedisor n\u00eb studimet e Fikut Islam n\u00ebp\u00ebr fakultet e Sheriatit dhe studimeve islame .<\/li>\n<\/ol>\n<p>&nbsp;<\/p>\n<p>Allahu e din m\u00eb s\u00eb miri<\/p>\n<p>&nbsp;<\/p>\n<p>&nbsp;<\/p>\n","protected":false},"excerpt":{"rendered":"<p>Mjedisi dhe mbrojtja e tij n\u00eb v\u00ebshtrimin islam Subjekti: Mjedisi dhe mbrojtja e tij n\u00eb v\u00ebshtrimin islam Burimi : Akademia Nd\u00ebrkomb\u00ebtare e Fikhut Islam Vendimi : nr.185(11\/19) P\u00ebrzgjodhi dhe p\u00ebrshtati :Rashit Zylfiu Asambleja e Akademis\u00eb Nd\u00ebrkomb\u00ebtare t\u00eb Fikut Islam e dal nga Organizata\u00a0 Konferenc\u00ebs Islamike ,\u00a0 mbledhur n\u00eb sesionin e n\u00ebntmbdhjet\u00eb t\u00eb saj n\u00eb Emiratet [&hellip;]<\/p>\n","protected":false},"author":1,"featured_media":338,"comment_status":"open","ping_status":"open","sticky":false,"template":"","format":"standard","meta":{"footnotes":""},"categories":[2,20],"tags":[],"class_list":{"0":"post-335","1":"post","2":"type-post","3":"status-publish","4":"format-standard","5":"has-post-thumbnail","7":"category-e-zgjedhur","8":"category-studime-hulumtime"},"_links":{"self":[{"href":"https:\/\/rashitzylfiu.com\/index.php\/wp-json\/wp\/v2\/posts\/335","targetHints":{"allow":["GET"]}}],"collection":[{"href":"https:\/\/rashitzylfiu.com\/index.php\/wp-json\/wp\/v2\/posts"}],"about":[{"href":"https:\/\/rashitzylfiu.com\/index.php\/wp-json\/wp\/v2\/types\/post"}],"author":[{"embeddable":true,"href":"https:\/\/rashitzylfiu.com\/index.php\/wp-json\/wp\/v2\/users\/1"}],"replies":[{"embeddable":true,"href":"https:\/\/rashitzylfiu.com\/index.php\/wp-json\/wp\/v2\/comments?post=335"}],"version-history":[{"count":1,"href":"https:\/\/rashitzylfiu.com\/index.php\/wp-json\/wp\/v2\/posts\/335\/revisions"}],"predecessor-version":[{"id":339,"href":"https:\/\/rashitzylfiu.com\/index.php\/wp-json\/wp\/v2\/posts\/335\/revisions\/339"}],"wp:featuredmedia":[{"embeddable":true,"href":"https:\/\/rashitzylfiu.com\/index.php\/wp-json\/wp\/v2\/media\/338"}],"wp:attachment":[{"href":"https:\/\/rashitzylfiu.com\/index.php\/wp-json\/wp\/v2\/media?parent=335"}],"wp:term":[{"taxonomy":"category","embeddable":true,"href":"https:\/\/rashitzylfiu.com\/index.php\/wp-json\/wp\/v2\/categories?post=335"},{"taxonomy":"post_tag","embeddable":true,"href":"https:\/\/rashitzylfiu.com\/index.php\/wp-json\/wp\/v2\/tags?post=335"}],"curies":[{"name":"wp","href":"https:\/\/api.w.org\/{rel}","templated":true}]}}