{"id":546,"date":"2019-01-19T17:04:44","date_gmt":"2019-01-19T17:04:44","guid":{"rendered":"http:\/\/rashitzylfiu.com\/?p=546"},"modified":"2019-01-19T17:05:14","modified_gmt":"2019-01-19T17:05:14","slug":"1-kush-je-ti-who-are-you-rashit-zylfiu","status":"publish","type":"post","link":"https:\/\/rashitzylfiu.com\/index.php\/2019\/01\/19\/1-kush-je-ti-who-are-you-rashit-zylfiu\/","title":{"rendered":"1 \u2013 KUSH JE TI ? (Who Are You ?) Rashit Zylfiu"},"content":{"rendered":"<div class=\"youtube-embed\" data-video_id=\"p8Do9uZuo_g\"><iframe loading=\"lazy\" width=\"696\" height=\"392\" src=\"https:\/\/www.youtube.com\/embed\/p8Do9uZuo_g?feature=oembed&#038;enablejsapi=1\" frameborder=\"0\" allow=\"accelerometer; autoplay; encrypted-media; gyroscope; picture-in-picture\" allowfullscreen><\/iframe><\/div>\n<p>Kush je ti?<\/p>\n<p>T\u00eb gjith\u00eb jemi nga Ademi dhe Ademi \u00ebsht\u00eb nga dheu. Ky \u00ebsht\u00eb fillimi dhe fundi.<\/p>\n<p>Materia e krijimit ton\u00eb \u00ebsht\u00eb dheu, i cili simbolizon qet\u00ebsin\u00eb, d\u00eblir\u00ebsin\u00eb, modestin\u00eb, sinqeritetin dhe gjall\u00ebrin\u00eb.<\/p>\n<p>Kur njeriu arrin ta kuptoj\u00eb realitetin e dheut, e njeh m\u00eb mir\u00eb vetveten. Kur njeh vetveten, e adhuron Zotin, \u00ebsht\u00eb modest, i sjellsh\u00ebm me t\u00eb gjith\u00eb, e kupton se \u00ebsht\u00eb si t\u00eb tjer\u00ebt, nga dheu. Tani e di se kush \u00ebsht\u00eb.<\/p>\n<p>Ose do t\u00eb jesh produktiv e paqeruajt\u00ebs sikurse n\u00ebna jote tok\u00eb ose si gjyshi yt dh\u00e8, ose do t\u00eb jesh i palul\u00ebzuar, nuk do t\u00eb banohet tek ti dhe do t\u00eb jesh \u00e7doher\u00eb i that\u00eb. Do t\u00eb mbetesh vet\u00ebm ai q\u00eb t\u00eb tjer\u00ebt do ta shkelin e do t\u2019i hedhin uj\u00eb q\u00eb t\u00eb mos ngrihet pluhur.<\/p>\n<p>Dheu i kujton njeriut q\u00eb t\u00eb mos b\u00ebhet mendjemadh, t\u00eb jet\u00eb produktiv, aktiv dhe i gjall\u00eb n\u00eb jet\u00eb. Ndoshta ai mundohet q\u00eb me k\u00ebmb\u00ebn e tij t\u00eb shkel\u00eb materien e vet, por t\u00eb ket\u00eb kujdes dhe t\u00eb shikoj\u00eb se ku po shkel. Dheu ia kujton atij q\u00eb t\u00eb mos n\u00ebn\u00e7moj\u00eb ask\u00ebnd sepse dheu nuk mund ta n\u00ebn\u00e7moj\u00eb dheun.<\/p>\n<p>Pasuria, pozita, prejardhja familjare, fisi shpeshher\u00eb b\u00ebjn\u00eb q\u00eb t\u00eb harrosh se kush je.<\/p>\n<p>T\u00eb largohesh nga toka e t\u2019i shikosh t\u00eb tjer\u00ebt sikur jan\u00eb m\u00eb t\u00eb vegj\u00ebl, m\u00eb t\u00eb dob\u00ebt, m\u00eb t\u00eb varf\u00ebr e m\u00eb t\u00eb prapambetur nuk \u00ebsht\u00eb tjet\u00ebr vet\u00ebm se t\u00eb largohesh nga vetvetja.<\/p>\n<p>T\u2019u b\u00ebsh t\u00eb tjer\u00ebve padrejt\u00ebsi, t\u2019i shtyp\u00ebsh, mashtrosh, tradhtosh, g\u00ebnjesh, p\u00ebrqesh\u00ebsh e n\u00ebn\u00e7mosh mos harro se \u00ebsht\u00eb t\u00eb shkel\u00ebsh mbi veten t\u00ebnde. Edhe ata jan\u00eb prej dheu si ti.<\/p>\n<p>N\u00eb rrug\u00eb, shkoll\u00eb e administrat\u00eb ti d\u00ebshiron t\u00eb jesh i pari, por harron se me k\u00ebt\u00eb shkel t\u00eb tjer\u00ebt, kurse n\u00eb realitet po shkel veten t\u00ebnde.<\/p>\n<p>Nd\u00ebrtimi i urave t\u00eb komunikimit, largimit apo afrimit me t\u00eb tjer\u00ebt n\u00eb baz\u00eb t\u00eb lokalizmave \u00ebsht\u00eb shenj\u00eb primitivizmi dhe e s\u00eb kaluar\u00ebs. Shembulli yt \u00ebsht\u00eb sikurse dheu, me t\u00eb cilin mund t\u00eb krijosh art por edhe nj\u00eb gur balte p\u00ebr ta l\u00ebnduar dik\u00eb.<\/p>\n<p>Fillimi, t\u00eb gjith\u00eb jemi nga dheu. Fundi, \u201cdhe t\u00eb gjith\u00eb n\u00eb Dit\u00ebn e Kiametit do t\u2019i vijn\u00eb nj\u00eb nga nj\u00eb.\u201d Merjem: 95.<\/p>\n<div class=\"youtube-embed\" data-video_id=\"p8Do9uZuo_g\"><iframe loading=\"lazy\" width=\"696\" height=\"392\" src=\"https:\/\/www.youtube.com\/embed\/p8Do9uZuo_g?feature=oembed&#038;enablejsapi=1\" frameborder=\"0\" allow=\"accelerometer; autoplay; encrypted-media; gyroscope; picture-in-picture\" allowfullscreen><\/iframe><\/div>\n","protected":false},"excerpt":{"rendered":"<p>Kush je ti? T\u00eb gjith\u00eb jemi nga Ademi dhe Ademi \u00ebsht\u00eb nga dheu. Ky \u00ebsht\u00eb fillimi dhe fundi. Materia e krijimit ton\u00eb \u00ebsht\u00eb dheu, i cili simbolizon qet\u00ebsin\u00eb, d\u00eblir\u00ebsin\u00eb, modestin\u00eb, sinqeritetin dhe gjall\u00ebrin\u00eb. Kur njeriu arrin ta kuptoj\u00eb realitetin e dheut, e njeh m\u00eb mir\u00eb vetveten. Kur njeh vetveten, e adhuron Zotin, \u00ebsht\u00eb modest, i [&hellip;]<\/p>\n","protected":false},"author":1,"featured_media":549,"comment_status":"open","ping_status":"open","sticky":false,"template":"","format":"video","meta":{"footnotes":""},"categories":[2,25],"tags":[],"class_list":{"0":"post-546","1":"post","2":"type-post","3":"status-publish","4":"format-video","5":"has-post-thumbnail","7":"category-e-zgjedhur","8":"category-video","9":"post_format-post-format-video"},"_links":{"self":[{"href":"https:\/\/rashitzylfiu.com\/index.php\/wp-json\/wp\/v2\/posts\/546","targetHints":{"allow":["GET"]}}],"collection":[{"href":"https:\/\/rashitzylfiu.com\/index.php\/wp-json\/wp\/v2\/posts"}],"about":[{"href":"https:\/\/rashitzylfiu.com\/index.php\/wp-json\/wp\/v2\/types\/post"}],"author":[{"embeddable":true,"href":"https:\/\/rashitzylfiu.com\/index.php\/wp-json\/wp\/v2\/users\/1"}],"replies":[{"embeddable":true,"href":"https:\/\/rashitzylfiu.com\/index.php\/wp-json\/wp\/v2\/comments?post=546"}],"version-history":[{"count":2,"href":"https:\/\/rashitzylfiu.com\/index.php\/wp-json\/wp\/v2\/posts\/546\/revisions"}],"predecessor-version":[{"id":550,"href":"https:\/\/rashitzylfiu.com\/index.php\/wp-json\/wp\/v2\/posts\/546\/revisions\/550"}],"wp:featuredmedia":[{"embeddable":true,"href":"https:\/\/rashitzylfiu.com\/index.php\/wp-json\/wp\/v2\/media\/549"}],"wp:attachment":[{"href":"https:\/\/rashitzylfiu.com\/index.php\/wp-json\/wp\/v2\/media?parent=546"}],"wp:term":[{"taxonomy":"category","embeddable":true,"href":"https:\/\/rashitzylfiu.com\/index.php\/wp-json\/wp\/v2\/categories?post=546"},{"taxonomy":"post_tag","embeddable":true,"href":"https:\/\/rashitzylfiu.com\/index.php\/wp-json\/wp\/v2\/tags?post=546"}],"curies":[{"name":"wp","href":"https:\/\/api.w.org\/{rel}","templated":true}]}}