{"id":638,"date":"2019-03-04T12:14:08","date_gmt":"2019-03-04T12:14:08","guid":{"rendered":"http:\/\/rashitzylfiu.com\/?p=638"},"modified":"2019-03-04T12:14:08","modified_gmt":"2019-03-04T12:14:08","slug":"biografia","status":"publish","type":"post","link":"https:\/\/rashitzylfiu.com\/index.php\/2019\/03\/04\/biografia\/","title":{"rendered":"Biografia"},"content":{"rendered":"<p><em><strong>Rashit Rexhep Zylfiu <\/strong><\/em><em>u lind m\u00eb 22.09.1979 n\u00eb Gjilan. Shkoll\u00ebn fillore e kreu n\u00eb qytetin e lindjes. Shkoll\u00ebn e mesme, Medresen\u00eb\u201cAlaud-din\u201d, e kreu po n\u00eb Gjilan, me gjenerat\u00ebn e par\u00eb, n\u00eb vitet 1994-1998. Studioi m\u00eb pas n\u00eb Universitetin Islam Imam bin Saud n\u00eb Riad, Arabi Saudite, n\u00eb Fakultetin e Sheriatit. Ka studiuar n\u00eb Kolegjin AAB, programi master, Komunikim Masiv. <\/em><\/p>\n<p><em>Rashit Zylfiu njihet si aktivist n\u00eb fush\u00ebn kulturore dhe humanitare. <\/em><\/p>\n<p><em>Librat e shkruar dhe t\u00eb p\u00ebrkthyer:<\/em><\/p>\n<p><em>N\u00eb fush\u00ebn e studimeve dhe t\u00eb p\u00ebrkthimeve ka disa libra, si:<\/em><\/p>\n<ul>\n<li><em>\u201cAjka e kuptimeve kur\u2019anore, komenti i 10 kaptinave t\u00eb fundit\u201d, botuar n\u00eb vitin 2015.<\/em><\/li>\n<li><em>\u201c10 Sfidat e jet\u00ebs\u201d, botuar n\u00eb vitin 2016.<\/em><\/li>\n<li><em>\u2018\u2019 Kandili i Ramazanit\u2019\u2019, botuar n\u00eb vitin 2017.<\/em><\/li>\n<li><em>\u201cTa m\u00ebsojm\u00eb Islamin\u201d, botuar n\u00eb vitin 2010.<\/em><\/li>\n<li><em>\u201cMburoja e f\u00ebmij\u00ebs musliman\u201d, botuar n\u00eb vitin 2013.<\/em><\/li>\n<\/ul>\n<p><em>\u00a0<\/em><\/p>\n<p><em>Ka p\u00ebrkthyer librat:<\/em><\/p>\n<ul>\n<li><em>\u201cFetva bashk\u00ebkohore mjek\u00ebsore n\u00eb \u00e7\u00ebshtjen e Ramazanit\u2019\u2019, botuar n\u00eb vitin 2008.<\/em><\/li>\n<li><em>\u201cPozita e Sunetit n\u00eb Islam\u201d, botuar n\u00eb vitin 2012 .<\/em><\/li>\n<li><em>\u201cP\u00ebrmendja e Allahut gjat\u00eb dit\u00ebs\u201d, botuar n\u00eb vitin 2013.<\/em><\/li>\n<li><em>\u201cNj\u00eb dit\u00eb me t\u00eb dashurin t\u00ebnd\u201d, botuar n\u00eb vitin 2017.<\/em><\/li>\n<\/ul>\n<p><em>\u00a0<\/em><\/p>\n<p><em>\u00cbsht\u00eb autor i dokumentareve: \u201cDit\u00ebn kur t\u00eb njoha ty\u201d, \u201cOda e Anamorav\u00ebs\u201d, \u201cPse Islami?\u201d. <\/em><\/p>\n<p><em>Nga viti 2012 sh\u00ebrben si imam n\u00eb Xhamin\u00eb &#8220;Kodra e D\u00ebshmor\u00ebve&#8221;, Gjilan. Jeton n\u00eb Gjilan dhe \u00ebsht\u00eb baba i kat\u00ebr f\u00ebmij\u00ebve. <\/em><\/p>\n","protected":false},"excerpt":{"rendered":"<p>Rashit Rexhep Zylfiu u lind m\u00eb 22.09.1979 n\u00eb Gjilan. Shkoll\u00ebn fillore e kreu n\u00eb qytetin e lindjes. Shkoll\u00ebn e mesme, Medresen\u00eb\u201cAlaud-din\u201d, e kreu po n\u00eb Gjilan, me gjenerat\u00ebn e par\u00eb, n\u00eb vitet 1994-1998. Studioi m\u00eb pas n\u00eb Universitetin Islam Imam bin Saud n\u00eb Riad, Arabi Saudite, n\u00eb Fakultetin e Sheriatit. Ka studiuar n\u00eb Kolegjin AAB, [&hellip;]<\/p>\n","protected":false},"author":1,"featured_media":0,"comment_status":"open","ping_status":"open","sticky":false,"template":"","format":"standard","meta":{"footnotes":""},"categories":[1],"tags":[],"class_list":{"0":"post-638","1":"post","2":"type-post","3":"status-publish","4":"format-standard","6":"category-uncategorized"},"_links":{"self":[{"href":"https:\/\/rashitzylfiu.com\/index.php\/wp-json\/wp\/v2\/posts\/638","targetHints":{"allow":["GET"]}}],"collection":[{"href":"https:\/\/rashitzylfiu.com\/index.php\/wp-json\/wp\/v2\/posts"}],"about":[{"href":"https:\/\/rashitzylfiu.com\/index.php\/wp-json\/wp\/v2\/types\/post"}],"author":[{"embeddable":true,"href":"https:\/\/rashitzylfiu.com\/index.php\/wp-json\/wp\/v2\/users\/1"}],"replies":[{"embeddable":true,"href":"https:\/\/rashitzylfiu.com\/index.php\/wp-json\/wp\/v2\/comments?post=638"}],"version-history":[{"count":1,"href":"https:\/\/rashitzylfiu.com\/index.php\/wp-json\/wp\/v2\/posts\/638\/revisions"}],"predecessor-version":[{"id":639,"href":"https:\/\/rashitzylfiu.com\/index.php\/wp-json\/wp\/v2\/posts\/638\/revisions\/639"}],"wp:attachment":[{"href":"https:\/\/rashitzylfiu.com\/index.php\/wp-json\/wp\/v2\/media?parent=638"}],"wp:term":[{"taxonomy":"category","embeddable":true,"href":"https:\/\/rashitzylfiu.com\/index.php\/wp-json\/wp\/v2\/categories?post=638"},{"taxonomy":"post_tag","embeddable":true,"href":"https:\/\/rashitzylfiu.com\/index.php\/wp-json\/wp\/v2\/tags?post=638"}],"curies":[{"name":"wp","href":"https:\/\/api.w.org\/{rel}","templated":true}]}}