{"id":648,"date":"2019-04-12T09:02:18","date_gmt":"2019-04-12T09:02:18","guid":{"rendered":"http:\/\/rashitzylfiu.com\/?p=648"},"modified":"2019-04-12T09:02:18","modified_gmt":"2019-04-12T09:02:18","slug":"prej-veprave-me-te-mira","status":"publish","type":"post","link":"https:\/\/rashitzylfiu.com\/index.php\/2019\/04\/12\/prej-veprave-me-te-mira\/","title":{"rendered":"Prej veprave m\u00eb t\u00eb mira"},"content":{"rendered":"<p>Prej veprave m\u00eb t\u00eb mira<\/p>\n<p>Ebu Derda, Allahu qoft\u00eb i k\u00ebnaqur prej tij, kumton se Pejgamberi sal-lallahu alejhi ue selem ka th\u00ebn\u00eb: \u201c<strong>A doni t\u2019ju orientoj nga puna m\u00eb e mir\u00eb q\u00eb mund t\u00eb b\u00ebni, m\u00eb e pastra te Krijuesi juaj, q\u00eb ju ngre m\u00eb s\u00eb larti n\u00eb shkall\u00eb <\/strong>(dhe arrini shp\u00ebrblime)<strong>? Q\u00eb \u00ebsht\u00eb m\u00eb e mir\u00eb p\u00ebr ju sesa t\u00eb shpenzoni ar dhe argjend p\u00ebr hir t\u00eb Allahut dhe sesa t\u00eb luftoni me armikun tuaj?<\/strong>\u201d Than\u00eb: \u201cGjithsesi, o i D\u00ebrguari i Allahut.\u201d Tha: \u201c<strong><em>Dhikri, p\u00ebrmendja e Allahut.\u201d<\/em><\/strong><\/p>\n<p>Muadh bin Xhebeli thot\u00eb: \u201cBiri i Ademit nuk ka b\u00ebr\u00eb ndonj\u00eb pun\u00eb q\u00eb e mbron m\u00eb s\u00eb shumti nga d\u00ebnimi i Allahut sesa dhikri, p\u00ebrmendja e Allahut, dhe p\u00ebrmendja e Pejgamberit sal-lallahu alejhi ue selem e pason at\u00eb vep\u00ebr.<\/p>\n<p><strong>Llojet e dhikrit:\u00a0\u00a0\u00a0\u00a0\u00a0\u00a0\u00a0\u00a0\u00a0\u00a0\u00a0\u00a0\u00a0\u00a0\u00a0\u00a0 <\/strong><\/p>\n<ol>\n<li>P\u00ebrmendja e Allahut me emrat dhe cil\u00ebsit\u00eb e Tij dhe lavd\u00ebrimi i Tij me to.<\/li>\n<li>Madh\u00ebrimi, fal\u00ebnderimi, lart\u00ebsimi, lavd\u00ebrimi, q\u00eb jan\u00eb shprehjet q\u00eb p\u00ebrmban m\u00eb shum\u00eb dhikri te gjeneratat e m\u00ebvonshme.<\/li>\n<li>P\u00ebrmendja e Allahut me dispozitat, urdhrat dhe ndalesat e Tij. Ky \u00ebsht\u00eb dhikri i dijetar\u00ebve.<\/li>\n<\/ol>\n<p>Allahu i Madh\u00ebruar thot\u00eb: \u201c<strong><em>E kush ia kthen shpin\u00ebn udh\u00ebzimit Tim, do t\u00eb ket\u00eb jet\u00eb t\u00eb v\u00ebshtir\u00eb dhe n\u00eb Dit\u00ebn e Kiametit do ta ringjall t\u00eb verb\u00ebr.\u201d <a href=\"#_ftn1\" name=\"_ftnref1\">[1]<\/a><\/em><\/strong><\/p>\n<p>Allahu i Madh\u00ebruar thot\u00eb: <strong>\u201cAta q\u00eb besuan dhe me t\u00eb p\u00ebrmendur Allahun zemrat e tyre qet\u00ebsohen; pra ta dini se me t\u00eb p\u00ebrmendur Allahun zemrat stabilizohen.\u201d <a href=\"#_ftn2\" name=\"_ftnref2\">[2]<\/a><\/strong><\/p>\n<p>Prej p\u00ebrmendjes s\u00eb Allahut \u00ebsht\u00eb duaja dhe t\u00eb k\u00ebrkuarit falje.<\/p>\n<p>Pejgamberi sal-lallahu alejhi ue selem thot\u00eb: \u201cKan\u00eb fituar el muferidun\u00ebt.\u201d I than\u00eb: \u201cO i D\u00ebrguari i Allahut, kush jan\u00eb el muferidun\u00ebt?\u201d Tha: \u201c<strong>Ata dhe ato q\u00eb e p\u00ebrmendin Allahun shum\u00eb.\u201d<a href=\"#_ftn3\" name=\"_ftnref3\">[3]<\/a><\/strong><\/p>\n<p>Nga libri \u201cXhelau lefham\u201d.<\/p>\n<p>P\u00ebrshtati: Rashit Zylfiu<\/p>\n<p>&nbsp;<\/p>\n<p>&nbsp;<\/p>\n<p><a href=\"#_ftnref1\" name=\"_ftn1\">[1]<\/a> Ta-ha: 124.<\/p>\n<p><a href=\"#_ftnref2\" name=\"_ftn2\">[2]<\/a> Rad: 28.<\/p>\n<p><a href=\"#_ftnref3\" name=\"_ftn3\">[3]<\/a> Sh\u00ebnon Muslimi.<\/p>\n","protected":false},"excerpt":{"rendered":"<p>Prej veprave m\u00eb t\u00eb mira Ebu Derda, Allahu qoft\u00eb i k\u00ebnaqur prej tij, kumton se Pejgamberi sal-lallahu alejhi ue selem ka th\u00ebn\u00eb: \u201cA doni t\u2019ju orientoj nga puna m\u00eb e mir\u00eb q\u00eb mund t\u00eb b\u00ebni, m\u00eb e pastra te Krijuesi juaj, q\u00eb ju ngre m\u00eb s\u00eb larti n\u00eb shkall\u00eb (dhe arrini shp\u00ebrblime)? Q\u00eb \u00ebsht\u00eb m\u00eb [&hellip;]<\/p>\n","protected":false},"author":1,"featured_media":649,"comment_status":"open","ping_status":"open","sticky":false,"template":"","format":"standard","meta":{"footnotes":""},"categories":[2,24],"tags":[],"class_list":{"0":"post-648","1":"post","2":"type-post","3":"status-publish","4":"format-standard","5":"has-post-thumbnail","7":"category-e-zgjedhur","8":"category-perkthime"},"_links":{"self":[{"href":"https:\/\/rashitzylfiu.com\/index.php\/wp-json\/wp\/v2\/posts\/648","targetHints":{"allow":["GET"]}}],"collection":[{"href":"https:\/\/rashitzylfiu.com\/index.php\/wp-json\/wp\/v2\/posts"}],"about":[{"href":"https:\/\/rashitzylfiu.com\/index.php\/wp-json\/wp\/v2\/types\/post"}],"author":[{"embeddable":true,"href":"https:\/\/rashitzylfiu.com\/index.php\/wp-json\/wp\/v2\/users\/1"}],"replies":[{"embeddable":true,"href":"https:\/\/rashitzylfiu.com\/index.php\/wp-json\/wp\/v2\/comments?post=648"}],"version-history":[{"count":1,"href":"https:\/\/rashitzylfiu.com\/index.php\/wp-json\/wp\/v2\/posts\/648\/revisions"}],"predecessor-version":[{"id":650,"href":"https:\/\/rashitzylfiu.com\/index.php\/wp-json\/wp\/v2\/posts\/648\/revisions\/650"}],"wp:featuredmedia":[{"embeddable":true,"href":"https:\/\/rashitzylfiu.com\/index.php\/wp-json\/wp\/v2\/media\/649"}],"wp:attachment":[{"href":"https:\/\/rashitzylfiu.com\/index.php\/wp-json\/wp\/v2\/media?parent=648"}],"wp:term":[{"taxonomy":"category","embeddable":true,"href":"https:\/\/rashitzylfiu.com\/index.php\/wp-json\/wp\/v2\/categories?post=648"},{"taxonomy":"post_tag","embeddable":true,"href":"https:\/\/rashitzylfiu.com\/index.php\/wp-json\/wp\/v2\/tags?post=648"}],"curies":[{"name":"wp","href":"https:\/\/api.w.org\/{rel}","templated":true}]}}