{"id":683,"date":"2019-05-05T19:31:19","date_gmt":"2019-05-05T19:31:19","guid":{"rendered":"http:\/\/rashitzylfiu.com\/?p=683"},"modified":"2019-05-05T19:31:19","modified_gmt":"2019-05-05T19:31:19","slug":"thirja-hyjnore","status":"publish","type":"post","link":"https:\/\/rashitzylfiu.com\/index.php\/2019\/05\/05\/thirja-hyjnore\/","title":{"rendered":"THIRJA HYJNORE"},"content":{"rendered":"<p>Fal\u00ebnderimet i takojn\u00eb Allahut. Paqja dhe bekimet e Allahut qofshin mbi Pejgamberin Muhamed sal-lAllahu alejhi ue sel-lem.<\/p>\n<p>Sa her\u00eb q\u00eb vjen muaji Ramazan, s\u00eb bashku me t\u00eb vijn\u00eb edhe ndryshimet. A nuk \u00ebsht\u00eb h\u00ebna e re ndryshim, dyert e xhenetit hapen, t\u00eb xhehenemit mbyllen e lidhen shejtan\u00ebt? P\u00ebr agj\u00ebruesin \u00ebsht\u00eb nj\u00eb dua ekskluzive q\u00eb i pranohet n\u00eb koh\u00ebn e iftarit, krahas shum\u00eb ndryshimeve t\u00eb tjera.<\/p>\n<p>At\u00eb dit\u00eb q\u00eb vjen Ramazani na th\u00ebrret thirrja hyjnore: <em>&#8220;O besimtar\u00eb! Ju \u00ebsht\u00eb urdh\u00ebruar agj\u00ebrimi, ashtu si\u00e7 u ishte urdh\u00ebruar atyre para jush, q\u00eb t\u00eb b\u00ebheni t\u00eb devotsh\u00ebm.\u201d <\/em><a href=\"#_ftn1\" name=\"_ftnref1\">[1]<\/a><\/p>\n<p><em>\u00a0<\/em><\/p>\n<p>Nuk ka dyshim se kjo thirrje n\u00eb vetvete p\u00ebr\u00e7on mesazhe e m\u00ebsime dhe n\u00eb thell\u00ebsin\u00eb e saj ka plot margaritar\u00eb nga t\u00eb cil\u00ebt besimtari p\u00ebrjeton k\u00ebnaq\u00ebsin\u00eb m\u00eb t\u00eb madhe.<\/p>\n<p>Allahu na th\u00ebrret me thirrjen m\u00eb t\u00eb \u00e7muar, me thirrjen e dinjitetit \u201co besimtar\u00eb\u201d. Nuk ka thirrje m\u00eb prestigjioze se kjo. Kjo thirrje na b\u00ebn t\u00eb jemi m\u00eb vigjilent\u00eb, t\u00eb p\u00ebrgjegjsh\u00ebm, sepse thirr\u00ebsi \u00ebsht\u00eb Allahu dhe ftesa po b\u00ebhet p\u00ebr nj\u00eb obligim q\u00eb Ai k\u00ebrkon nga ne.<\/p>\n<p>Ata t\u00eb cil\u00ebt kan\u00eb besuar Allahun, zemrat e tyre i kan\u00eb t\u00eb mbushura me dashuri karshi Tij, t\u00eb lumtura q\u00eb pasojn\u00eb t\u00eb v\u00ebrtet\u00ebn, q\u00eb shenjt\u00ebrojn\u00eb ligjet e Allahut duke shpresuar shp\u00ebrblimin dhe duke iu frik\u00ebsuar d\u00ebnimit t\u00eb Tij, jan\u00eb ata t\u00eb cil\u00ebt i p\u00ebrgjigjen k\u00ebsaj thirrjeje hyjnore.<\/p>\n<p>Lajmi se me k\u00ebt\u00eb obligim nuk jemi t\u00eb ngarkuar vet\u00ebm ne musliman\u00ebt, por edhe popujt para nesh, e b\u00ebn m\u00eb t\u00eb leht\u00eb agj\u00ebrimin dhe na motivon t\u00eb ndihemi krenar\u00eb q\u00eb edhe ne jemi pjes\u00eb e nj\u00eb karvani t\u00eb kahersh\u00ebm.<\/p>\n<p><em>\u201cQ\u00eb t\u00eb b\u00ebheni t\u00eb devotsh\u00ebm\u201d <\/em><a href=\"#_ftn2\" name=\"_ftnref2\">[2]<\/a> \u00ebsht\u00eb mesazhi dhe m\u00ebsimi final q\u00eb muslimani merr nga medreseja e Ramazanit n\u00eb nj\u00eb muaj gjat\u00eb t\u00eb cilit mundohet t\u00eb arrij\u00eb rezultatin maksimal, q\u00eb t\u00eb pajiset me diplom\u00ebn e devotshm\u00ebris\u00eb, e cila do ta ndihmoj\u00eb p\u00ebr t&#8217;u p\u00ebrballur me sfidat e jet\u00ebs dhe p\u00ebr t\u00eb qen\u00eb sa m\u00eb stabil karshi thirrjes hyjnore.<\/p>\n<p>Zot, t\u00eb lutem na mund\u00ebso t\u00eb jemi nga ata t\u00eb cil\u00ebt u p\u00ebrgjigjen thirrjeve t\u00eb Tua dhe u q\u00ebndrojn\u00eb besnik ftesave q\u00eb Ti na b\u00ebn! Amin!<\/p>\n<p>&nbsp;<\/p>\n<p>&nbsp;<\/p>\n<p>&nbsp;<\/p>\n<p><a href=\"#_ftnref1\" name=\"_ftn1\">[1]<\/a> Kur&#8217;an, Bekare: 183.<\/p>\n<p><a href=\"#_ftnref2\" name=\"_ftn2\">[2]<\/a> Kur&#8217;an, Bekare: 183.<\/p>\n","protected":false},"excerpt":{"rendered":"<p>Fal\u00ebnderimet i takojn\u00eb Allahut. Paqja dhe bekimet e Allahut qofshin mbi Pejgamberin Muhamed sal-lAllahu alejhi ue sel-lem. Sa her\u00eb q\u00eb vjen muaji Ramazan, s\u00eb bashku me t\u00eb vijn\u00eb edhe ndryshimet. A nuk \u00ebsht\u00eb h\u00ebna e re ndryshim, dyert e xhenetit hapen, t\u00eb xhehenemit mbyllen e lidhen shejtan\u00ebt? P\u00ebr agj\u00ebruesin \u00ebsht\u00eb nj\u00eb dua ekskluzive q\u00eb i [&hellip;]<\/p>\n","protected":false},"author":1,"featured_media":684,"comment_status":"open","ping_status":"open","sticky":false,"template":"","format":"standard","meta":{"footnotes":""},"categories":[2,22],"tags":[43],"class_list":{"0":"post-683","1":"post","2":"type-post","3":"status-publish","4":"format-standard","5":"has-post-thumbnail","7":"category-e-zgjedhur","8":"category-shkrime-autoriale","9":"tag-kandilat-e-ramazanit"},"_links":{"self":[{"href":"https:\/\/rashitzylfiu.com\/index.php\/wp-json\/wp\/v2\/posts\/683","targetHints":{"allow":["GET"]}}],"collection":[{"href":"https:\/\/rashitzylfiu.com\/index.php\/wp-json\/wp\/v2\/posts"}],"about":[{"href":"https:\/\/rashitzylfiu.com\/index.php\/wp-json\/wp\/v2\/types\/post"}],"author":[{"embeddable":true,"href":"https:\/\/rashitzylfiu.com\/index.php\/wp-json\/wp\/v2\/users\/1"}],"replies":[{"embeddable":true,"href":"https:\/\/rashitzylfiu.com\/index.php\/wp-json\/wp\/v2\/comments?post=683"}],"version-history":[{"count":1,"href":"https:\/\/rashitzylfiu.com\/index.php\/wp-json\/wp\/v2\/posts\/683\/revisions"}],"predecessor-version":[{"id":685,"href":"https:\/\/rashitzylfiu.com\/index.php\/wp-json\/wp\/v2\/posts\/683\/revisions\/685"}],"wp:featuredmedia":[{"embeddable":true,"href":"https:\/\/rashitzylfiu.com\/index.php\/wp-json\/wp\/v2\/media\/684"}],"wp:attachment":[{"href":"https:\/\/rashitzylfiu.com\/index.php\/wp-json\/wp\/v2\/media?parent=683"}],"wp:term":[{"taxonomy":"category","embeddable":true,"href":"https:\/\/rashitzylfiu.com\/index.php\/wp-json\/wp\/v2\/categories?post=683"},{"taxonomy":"post_tag","embeddable":true,"href":"https:\/\/rashitzylfiu.com\/index.php\/wp-json\/wp\/v2\/tags?post=683"}],"curies":[{"name":"wp","href":"https:\/\/api.w.org\/{rel}","templated":true}]}}