{"id":704,"date":"2019-05-07T09:30:12","date_gmt":"2019-05-07T09:30:12","guid":{"rendered":"http:\/\/rashitzylfiu.com\/?p=704"},"modified":"2019-05-07T09:30:12","modified_gmt":"2019-05-07T09:30:12","slug":"kategorite-e-njerzeve-ne-ramazan","status":"publish","type":"post","link":"https:\/\/rashitzylfiu.com\/index.php\/2019\/05\/07\/kategorite-e-njerzeve-ne-ramazan\/","title":{"rendered":"Kategorit\u00eb e njerz\u00ebve n\u00eb Ramazan"},"content":{"rendered":"<p>Kategorit\u00eb e njerz\u00ebve n\u00eb Ramazan<a href=\"#_ftn1\" name=\"_ftnref1\"><strong>[1]<\/strong><\/a><\/p>\n<p>Ebi Vakid el-Lejthi thot\u00eb: &#8220;Gjersa i D\u00ebrguari i Allahut ishte ulur n\u00eb xhami dhe njer\u00ebzit p\u00ebrreth tij, erdh\u00ebn tre persona. Dy u afruan af\u00ebr Pejgamberit sal-lAllahu alejhi ve sel-lem dhe nj\u00ebri shkoi. Nj\u00ebri prej tyre pa nj\u00eb zbraz\u00ebsi n\u00eb mexhlis dhe u ul, tjetri u ul mbrapa tyre, nd\u00ebrsa i fundit ua ktheu shpin\u00ebn dhe shkoi. Kur Pejgamberi sal-lAllahu alejhi ve sel-lem e p\u00ebrfundoi mexhlisin, tha: \u201cA doni t&#8217;ju tregoj p\u00ebr k\u00ebta tre persona? Nj\u00ebri nga ata u afrua tek Allahu (e meritoi shp\u00ebrblimin e Allahut), tjetrit i erdh turp dhe u turp\u00ebrua Allahu nga ai (Allahu e m\u00ebshiroi), nd\u00ebrsa i fundit ktheu shpin\u00ebn, la mexhlisin, Allahu e la at\u00eb (Allahu u hidh\u00ebrua me t\u00eb).&#8221;<a href=\"#_ftn2\" name=\"_ftnref2\">[2]<\/a><\/p>\n<p>N\u00eb k\u00ebt\u00eb hadith Pejgamberi sal-lAllahu alejhi ve sel-lem i ndan njer\u00ebzit n\u00eb tre grupe n\u00eb raport me vendet ku merret dituria.<\/p>\n<ol>\n<li>I interesuar dhe q\u00eb b\u00ebn p\u00ebrpjekje p\u00ebr t\u00eb arritur tek pika m\u00eb e af\u00ebrt pran\u00eb Pejgamberit sal-lAllahu alejhi ve sel-lem, i cili p\u00ebrfaq\u00ebson diturin\u00eb n\u00eb k\u00ebt\u00eb rast.<\/li>\n<li>Atij q\u00eb i vjen turp nga Pejgamberi sal-lAllahu alejhi ve sel-lem dhe nga musliman\u00ebt.<\/li>\n<li>Ai i cili ua kthen shpin\u00ebn vendeve ku merret dituria, vendeve ku p\u00ebrmendet Allahu. Kujdesi dhe m\u00ebshira e Allahut nuk \u00ebsht\u00eb mbi t\u00eb ashtu si\u00e7 ai nuk tregoi interes p\u00ebr veten e tij.<\/li>\n<\/ol>\n<p>N\u00ebse Ramazani \u00ebsht\u00eb m\u00ebsim nga m\u00ebsimet e fes\u00eb, nj\u00eb medrese ku besimtar\u00ebt p\u00ebrfitojn\u00eb, njer\u00ebzit karshi tij ndahen n\u00eb tri kategori:<\/p>\n<p>Kategoria e par\u00eb: Kategori q\u00eb kthehen tek Allahu n\u00eb Ramazan. Agj\u00ebrojn\u00eb dit\u00ebn dhe falen nat\u00ebn. Kryejn\u00eb obligimet dhe e ndalin veten nga ajo q\u00eb Allahu ka ndaluar. Ia japin bes\u00ebn Allahut se do t\u00eb pendohen, do t\u00eb k\u00ebrkojn\u00eb falje p\u00ebr gabimet e b\u00ebra dhe nuk do t\u00eb kthehen m\u00eb n\u00eb to.<\/p>\n<p>Kategoria e dyt\u00eb: Ramazani ndikon q\u00eb t&#8217;u vij\u00eb turp nga Allahu dhe nga njer\u00ebzit. Kjo kategori agj\u00ebron, por nuk \u00ebsht\u00eb k\u00ebmb\u00ebngul\u00ebse q\u00eb t\u00eb pendohet dhe t\u00eb kthehet tek Allahu. Jan\u00eb t\u00eb luhatur mes pendimit dhe vazhdim\u00ebsis\u00eb n\u00eb jet\u00ebn q\u00eb kan\u00eb b\u00ebr\u00eb para Ramazanit.<\/p>\n<p><em>\u201cNd\u00ebrkaq, disa t\u00eb tjer\u00eb i pranojn\u00eb gjynahet e veta, se i kan\u00eb p\u00ebrzier veprat e mira me t\u00eb k\u00ebqijat. Ka gjas\u00eb q\u00eb Allahu t\u2019ua pranoj\u00eb pendimin. V\u00ebrtet, Allahu \u00ebsht\u00eb Fal\u00ebs i madh dhe M\u00ebshir\u00ebplot\u00eb.\u201d <a href=\"#_ftn3\" name=\"_ftnref3\"><strong>[3]<\/strong><\/a><\/em><\/p>\n<p>Kjo kategori ka nevoj\u00eb t\u00eb jen\u00eb m\u00eb t\u00eb p\u00ebrqendruar dhe t&#8217;i kushtojn\u00eb r\u00ebnd\u00ebsi m\u00eb shum\u00eb fes\u00eb s\u00eb tyre q\u00eb t\u00eb b\u00ebhen si kategoria e par\u00eb.<\/p>\n<p>Kategoria e tret\u00eb: Ramazani p\u00ebr k\u00ebt\u00eb kategori nuk \u00ebsht\u00eb interesant, ai vjen dhe shkon por tek ata nuk l\u00eb gjurm\u00eb p\u00ebr t\u00eb l\u00ebvizur nj\u00eb hap para. D\u00ebgjojn\u00eb ezanin, d\u00ebgjojn\u00eb fjal\u00ebt e Allahut por gjithmon\u00eb ua kthejn\u00eb shpin\u00ebn. Kjo kategori \u00ebsht\u00eb e rrezikuar dhe m\u00eb e rrezikshmja n\u00eb shoq\u00ebri.<\/p>\n<p>K\u00ebto jan\u00eb tri kategori karshi Ramazanit dhe karshi \u00e7do m\u00ebsimi n\u00eb k\u00ebt\u00eb jet\u00eb.<\/p>\n<p>\u00cbsht\u00eb pyetur Abdullah ibn Mesudi, Allahu qoft\u00eb i k\u00ebnaqur ndaj tij: \u201cSi e pritnit ju Ramazanin n\u00eb koh\u00ebn e Pejgamberit sal-lAllahu alejhi ve sel-lem?&#8221; Ai u p\u00ebrgjigj: &#8220;Vinte Ramazani dhe n\u00eb zemrat tona nuk gjente urrejtje ndaj askujt.&#8221;<\/p>\n<p>Autor: Rashit Zylfiu<\/p>\n<p>Burimi: Rashitzylfiu.com<\/p>\n<p><a href=\"#_ftnref1\" name=\"_ftn1\"><strong>[1]<\/strong><\/a> Data:12\/07\/2013<\/p>\n<p><a href=\"#_ftnref2\" name=\"_ftn2\"><strong>[2]<\/strong><\/a> Sh\u00ebnon Buhariu<\/p>\n<p><a href=\"#_ftnref3\" name=\"_ftn3\"><strong>[3]<\/strong><\/a> Teube, 102<\/p>\n","protected":false},"excerpt":{"rendered":"<p>Kategorit\u00eb e njerz\u00ebve n\u00eb Ramazan[1] Ebi Vakid el-Lejthi thot\u00eb: &#8220;Gjersa i D\u00ebrguari i Allahut ishte ulur n\u00eb xhami dhe njer\u00ebzit p\u00ebrreth tij, erdh\u00ebn tre persona. Dy u afruan af\u00ebr Pejgamberit sal-lAllahu alejhi ve sel-lem dhe nj\u00ebri shkoi. Nj\u00ebri prej tyre pa nj\u00eb zbraz\u00ebsi n\u00eb mexhlis dhe u ul, tjetri u ul mbrapa tyre, nd\u00ebrsa i [&hellip;]<\/p>\n","protected":false},"author":1,"featured_media":705,"comment_status":"open","ping_status":"open","sticky":false,"template":"","format":"standard","meta":{"footnotes":""},"categories":[2,22],"tags":[43],"class_list":{"0":"post-704","1":"post","2":"type-post","3":"status-publish","4":"format-standard","5":"has-post-thumbnail","7":"category-e-zgjedhur","8":"category-shkrime-autoriale","9":"tag-kandilat-e-ramazanit"},"_links":{"self":[{"href":"https:\/\/rashitzylfiu.com\/index.php\/wp-json\/wp\/v2\/posts\/704","targetHints":{"allow":["GET"]}}],"collection":[{"href":"https:\/\/rashitzylfiu.com\/index.php\/wp-json\/wp\/v2\/posts"}],"about":[{"href":"https:\/\/rashitzylfiu.com\/index.php\/wp-json\/wp\/v2\/types\/post"}],"author":[{"embeddable":true,"href":"https:\/\/rashitzylfiu.com\/index.php\/wp-json\/wp\/v2\/users\/1"}],"replies":[{"embeddable":true,"href":"https:\/\/rashitzylfiu.com\/index.php\/wp-json\/wp\/v2\/comments?post=704"}],"version-history":[{"count":1,"href":"https:\/\/rashitzylfiu.com\/index.php\/wp-json\/wp\/v2\/posts\/704\/revisions"}],"predecessor-version":[{"id":706,"href":"https:\/\/rashitzylfiu.com\/index.php\/wp-json\/wp\/v2\/posts\/704\/revisions\/706"}],"wp:featuredmedia":[{"embeddable":true,"href":"https:\/\/rashitzylfiu.com\/index.php\/wp-json\/wp\/v2\/media\/705"}],"wp:attachment":[{"href":"https:\/\/rashitzylfiu.com\/index.php\/wp-json\/wp\/v2\/media?parent=704"}],"wp:term":[{"taxonomy":"category","embeddable":true,"href":"https:\/\/rashitzylfiu.com\/index.php\/wp-json\/wp\/v2\/categories?post=704"},{"taxonomy":"post_tag","embeddable":true,"href":"https:\/\/rashitzylfiu.com\/index.php\/wp-json\/wp\/v2\/tags?post=704"}],"curies":[{"name":"wp","href":"https:\/\/api.w.org\/{rel}","templated":true}]}}